{"id":2704,"date":"2020-11-20T16:56:37","date_gmt":"2020-11-20T15:56:37","guid":{"rendered":"https:\/\/bos-scheyern.de\/sz\/?p=2704"},"modified":"2020-11-23T09:46:41","modified_gmt":"2020-11-23T08:46:41","slug":"interview-mit-herrn-mueller","status":"publish","type":"post","link":"https:\/\/bos-scheyern.de\/sz\/?p=2704","title":{"rendered":"Interview mit Herrn M\u00fcller"},"content":{"rendered":"\n<p>Die Redaktion der &#8222;Eye of Scheyern&#8220; m\u00f6chte Herrn M\u00fcller, der dieses Jahr neu an die FOS\/ BOS gekommen ist, besser kennenlernen und liefert euch nun einen kleinen Einblick in sein Lehrerdasein.<\/p>\n\n\n\n<p><em>Eye of Scheyern<\/em>: Hallo Herr M\u00fcller!<\/p>\n\n\n\n<p><em>Herr M\u00fcller<\/em>: Hallo. <br>\n<br>\n<em>Eye of Scheyern<\/em>: Vielen Dank, dass Sie sich Zeit f\u00fcr das Interview\ngenommen haben. Wir starten gleich mit der ersten Frage. Wie lange arbeiten Sie\ndenn schon als Lehrer? <\/p>\n\n\n\n<p><em>H.M.:<\/em> Ich bin seit ca. 2 \u00bd Jahren Lehrer. Zwei davon\nwar ich im Referendariat und die restliche Zeit habe ich an einer anderen\nSchule verbracht. &nbsp;Das Studium hat 10\nSemester gedauert. Trotz oder gerade wegen der Dauer hat es sehr Spa\u00df gemacht. <\/p>\n\n\n\n<p><em>EoS:<\/em> Wieso haben Sie sich f\u00fcr die FOS\/BOS Scheyern\nentschieden?<\/p>\n\n\n\n<p><em>HM.:<\/em> Scheyern hat eine gute Lage und die BO ist eine\nsympathische Schule. Dieser erste Eindruck hat sich in meinen ersten Wochen\nhier best\u00e4tigt. <\/p>\n\n\n\n<p><em>EoS.:<\/em> Und was gef\u00e4llt Ihnen besonders an Scheyern?<\/p>\n\n\n\n<p><em>HM.:<\/em> Besonders gef\u00e4llt\nmir die famili\u00e4re und gem\u00fctliche Atmosph\u00e4re. Das zeichnet die BO Scheyern in\nmeinen Augen aus. <\/p>\n\n\n\n<p><em>EoS.:<\/em> Wie sind Sie auf den Lehrerberuf gekommen und\nwelche Gr\u00fcnde gab es f\u00fcr die F\u00e4cherkombination?<\/p>\n\n\n\n<p><em>HM.:<\/em> Sozialkunde und Politik fand ich zu meiner\nSchulzeit schon interessant. Pers\u00f6nlich besch\u00e4ftige ich mich auch in meiner\nFreizeit mit diesen Themen. Da ich urspr\u00fcnglich Soziale Arbeit studieren wollte\nund auch \u00fcber Lehramt nachgedacht habe, bin ich auf P\u00e4Psy gekommen. <\/p>\n\n\n\n<p>EoS.: An welchen Schulen haben Sie davor unterrichtet? <\/p>\n\n\n\n<p>HM.: Erst habe ich an einer Kinderpflegeschule und danach an\neinem beruflichen Schulzentrum an der FOS und BOS unterrichtet. <\/p>\n\n\n\n<p>EoS.: Was gef\u00e4llt Ihnen am meisten am Lehrerjob?<\/p>\n\n\n\n<p>HM.: Mir gef\u00e4llt das Unterrichten besonders. Au\u00dferdem macht\nes Spa\u00df, im Kontakt mit den Klassen zu stehen (was w\u00e4hrend Corona leider nicht immer\nder Fall war). Auch inhaltlich weiterzukommen und den Sch\u00fcler*innen neues\nWissen n\u00e4herzubringen ist immer wieder ein kleines Erfolgserlebnis. <\/p>\n\n\n\n<p>EoS.: Kommen wir jetzt zu den etwas pers\u00f6nlicheren Fragen.\nWas ist denn Ihr Lieblingsfilm\/-serie?<\/p>\n\n\n\n<p>HM.: Einer meiner Lieblingsfilme ist \u201aJackie Brown\u2018 von Quentin\nTarantino. Eine Lieblingsserie habe ich nicht direkt. Serien, die ich viel\ngeschaut habe, sind \u201adie Simpsons\u2018 und \u201aBabylon Berlin\u2018.&nbsp; &nbsp;<\/p>\n\n\n\n<p>EoS.: B\u00fccher oder Filme?<\/p>\n\n\n\n<p>HM.: Ich bevorzuge eher Filme, da werden Geschichten oftmals\nsehr sch\u00f6n erz\u00e4hlt und man kann super ins Geschehen eintauchen.<\/p>\n\n\n\n<p>EoS.: Welche Musik h\u00f6ren Sie? Haben Sie\nLieblingsmusiker*innen?<\/p>\n\n\n\n<p>HM.: Meine aktuelle Lieblingsband sind die \u201aFountaines D.C.\u2018.\nZu den Genres, die ich aktiv h\u00f6re, geh\u00f6rt unter anderem Indie, neuerdings auch\nein bisschen Jazz. <\/p>\n\n\n\n<p>EoS.: Gibt es etwas, das Sie richtig nervt?<\/p>\n\n\n\n<p>HM.: Sch\u00fcler*innen, die in Pr\u00fcfungen den Rand des Blattes vollschreiben.\nAbsp\u00fclen finde ich auch richtig nervig. <\/p>\n\n\n\n<p>EoS.: Kaffee oder Tee?<\/p>\n\n\n\n<p>HM.: Kaffee am Morgen und Tee am Nachmittag.<\/p>\n\n\n\n<p>EoS.: Erst Kakao oder erst Milch in die Tasse? <\/p>\n\n\n\n<p>HM.: Nat\u00fcrlich erst Milch. Dann kann sich der Geschmack beim\nUmr\u00fchren besser entfalten. <\/p>\n\n\n\n<p>EoS.: Was war die absurdeste Geschichte \u00fcber ein*e\nSch\u00fcler*in, die Sie geh\u00f6rt haben? <\/p>\n\n\n\n<p>HM.: Spontan f\u00e4llt mir gerade wenig ein, aber zu meinen\nSchulzeiten hat jemand das Angaben-Blatt einer Pr\u00fcfung gegessen. <\/p>\n\n\n\n<p>EoS.: Vielen Dank f\u00fcr das Interview und einen sch\u00f6nen Tag\nnoch!<\/p>\n\n\n\n<p>HM.: Ich danke euch und bis bald. <\/p>\n","protected":false},"excerpt":{"rendered":"<div class=\"mh-excerpt\"><p>Die Redaktion der &#8222;Eye of Scheyern&#8220; m\u00f6chte Herrn M\u00fcller, der dieses Jahr neu an die FOS\/ BOS gekommen ist, besser kennenlernen und liefert euch nun <a class=\"mh-excerpt-more\" href=\"https:\/\/bos-scheyern.de\/sz\/?p=2704\" title=\"Interview mit Herrn M\u00fcller\">[&#8230;]<\/a><\/p>\n<\/div>","protected":false},"author":43,"featured_media":2689,"comment_status":"closed","ping_status":"closed","sticky":false,"template":"","format":"standard","meta":{"footnotes":""},"categories":[20],"tags":[],"_links":{"self":[{"href":"https:\/\/bos-scheyern.de\/sz\/index.php?rest_route=\/wp\/v2\/posts\/2704"}],"collection":[{"href":"https:\/\/bos-scheyern.de\/sz\/index.php?rest_route=\/wp\/v2\/posts"}],"about":[{"href":"https:\/\/bos-scheyern.de\/sz\/index.php?rest_route=\/wp\/v2\/types\/post"}],"author":[{"embeddable":true,"href":"https:\/\/bos-scheyern.de\/sz\/index.php?rest_route=\/wp\/v2\/users\/43"}],"replies":[{"embeddable":true,"href":"https:\/\/bos-scheyern.de\/sz\/index.php?rest_route=%2Fwp%2Fv2%2Fcomments&post=2704"}],"version-history":[{"count":1,"href":"https:\/\/bos-scheyern.de\/sz\/index.php?rest_route=\/wp\/v2\/posts\/2704\/revisions"}],"predecessor-version":[{"id":2705,"href":"https:\/\/bos-scheyern.de\/sz\/index.php?rest_route=\/wp\/v2\/posts\/2704\/revisions\/2705"}],"wp:featuredmedia":[{"embeddable":true,"href":"https:\/\/bos-scheyern.de\/sz\/index.php?rest_route=\/wp\/v2\/media\/2689"}],"wp:attachment":[{"href":"https:\/\/bos-scheyern.de\/sz\/index.php?rest_route=%2Fwp%2Fv2%2Fmedia&parent=2704"}],"wp:term":[{"taxonomy":"category","embeddable":true,"href":"https:\/\/bos-scheyern.de\/sz\/index.php?rest_route=%2Fwp%2Fv2%2Fcategories&post=2704"},{"taxonomy":"post_tag","embeddable":true,"href":"https:\/\/bos-scheyern.de\/sz\/index.php?rest_route=%2Fwp%2Fv2%2Ftags&post=2704"}],"curies":[{"name":"wp","href":"https:\/\/api.w.org\/{rel}","templated":true}]}}