{"id":2745,"date":"2021-02-19T14:27:07","date_gmt":"2021-02-19T13:27:07","guid":{"rendered":"https:\/\/bos-scheyern.de\/sz\/?p=2745"},"modified":"2021-04-23T14:35:43","modified_gmt":"2021-04-23T12:35:43","slug":"catcalling-und-das-tabu-darum","status":"publish","type":"post","link":"https:\/\/bos-scheyern.de\/sz\/?p=2745","title":{"rendered":"Catcalling und das Tabu darum"},"content":{"rendered":"\n<p><em>Von Hana Besirevic <\/em><\/p>\n\n\n\n<p>Der Spruch eines fremden, ein Kommentar eines Bekannten, das\nStarren eines Kollegen oder Klassenkameraden bis hin zum Griff unter den Rock.\nViele Menschen wurden Situationen der sexuellen Bel\u00e4stigung bereits ausgeliefert,\ndarunter vor allem Frauen. Sexuell motivierte und ungewollte Ber\u00fchrungen einer\nPerson sind nach deutscher Gesetzeslage strafbar. Doch f\u00fcr viele beginnt die\nBel\u00e4stigung viel fr\u00fcher. <\/p>\n\n\n\n<p>Das sogenannte \u201eCatcalling\u201c bezeichnet eine Art der sexuellen\nBel\u00e4stigung, die sich in Form von unerw\u00fcnschten, unangebrachten und sexuell\nmotivierten \u00c4u\u00dferungen gegen\u00fcber Personen zeigt. Personen, die Opfer von\nCatcalling werden, sammeln bereits in jungen Jahren Erfahrungen damit, wissen\njedoch auch nach Jahren der Bel\u00e4stigung nicht, wie sie sich wehren und helfen\nsollen. K\u00f6nnen sie das \u00fcberhaupt? &nbsp;<\/p>\n\n\n\n<p>Zahlreiche Initiativen, Aktionen, Aktivist\/-innen und\nPetitionen international und deutschlandweit versuchten bereits Aufmerksamkeit\nauf das Thema zu lenken und Catcalling als Straftat anzusehen. Eine dieser\nInitiativen ist die Instagramseite der \u201eCatcalls of New York City\u201c die eine\nregelrechte Bewegung ausl\u00f6ste. Auf dem Social-Media-Account werden Aussagen, durch die Menschen mit sexueller\nBel\u00e4stigung konfrontiert wurden, mit Kreide an den Ort, an dem die Bel\u00e4stigung\nstattfand, geschrieben und danach auf dem Account publiziert. Der offene\nUmgang mit der Bel\u00e4stigung, der sich viele Menschen ausgeliefert sehen und das\nGef\u00fchl des \u201enicht allein seins\u201c und nicht Tolerierens der Vorf\u00e4lle inspirierte\nviele andre dazu, auch in ihrer Stadt einen Account zu erstellen und auf das\nThema aufmerksam zu machen. So entstand auch der Account \u201eCatcalls of\nIngolstadt\u201c.<\/p>\n\n\n\n<p><em>\u201eEs geht im Grunde genommen darum, Aufmerksamkeit auf das\nThema Stra\u00dfenbel\u00e4stigung zu lenken und darum, diesem Thema einen gewissen Raum\nund eine gewisse \u00d6ffentlichkeit zu verschaffen. Wir wollen den Betroffenen klar\nsignalisieren, dass sie mit ihren Erfahrungen nicht alleine sind und ganz klar\nausdr\u00fccken: Sowohl Catcalling als auch jede andere Form der Bel\u00e4stigung sind\nnicht zu tolerieren. Egal ob die Tat zu einem kurzen Ekelgef\u00fchl f\u00fchrt oder auch\nVerunsicherung und wirkliche Angst im Spiel sind, den Opfern muss eine\nPlattform geboten werden, um ihre Geschichten anonym zu erz\u00e4hlen und damit auch\nden T\u00e4tern zu zeigen, wir sind nicht alleine, wir schlie\u00dfen uns zusammen und\nhelfen uns gegenseitig und vor allem: Wir schweigen nicht mehr!\u201c<\/em><em> <\/em><\/p>\n\n\n\n<p><em>Sonsoles P\u00e9rez Laporta (feministische\nAktivistin und Leitende der Instagramseite \u201eCatcalls of Ingolstadt\u201c)<\/em><\/p>\n\n\n\n<p>Wenn man von Catcalling spricht, ist nicht zu leugnen, dass\nsich dabei eine sehr hohe Toleranz zeigt. Erz\u00e4hlungsberichte, in denen\nBetroffene die Situation schildern und dabei auf ihre Gef\u00fchle eingehen, werden\noft von anderen Personen bel\u00e4chelt, als \u00dcberreaktion dargestellt oder sogar behauptet,\nman solle es als Kompliment auffassen. Eine regelm\u00e4\u00dfig auftretende Form der\nBel\u00e4stigung, der sich auch minderj\u00e4hrige ausgesetzt sehen kann nicht mit\nArgumenten wie \u201eSo was passiert aber nur h\u00fcbschen M\u00e4dchen\u201c verherrlicht werden.\nUnd T\u00e4ter d\u00fcrfen nicht mit Argumenten wie \u201eDas sind halt Jungs\u201c verteidigt\nwerden.<\/p>\n\n\n\n<p><em>\u201eSehr h\u00e4ufig herrscht immer noch der Gedanke vor, dass\nFrauen aufgrund ihres Aussehens oder anderer Merkmale M\u00e4nnern oder der\nGesellschaft im Allgemeinen etwas schuldig sind. Leider werden Frauen im\n\u00f6ffentlichen Raum und damit auch in der \u00f6ffentlichen Wahrnehmung immer noch auf\nDinge wie Aussehen, Make-up oder Kleidung reduziert. Hat eine Frau ein gewisses\nAlter erreicht, wird sie einfach unsichtbar. Oder zumindest soll sie unsichtbar\nwerden. Basierend auf diesem Gedanken und auf der systematischen\nDiskriminierung von Frauen, denken M\u00e4nner, sie d\u00fcrften alles. Ob bei\nSitzpl\u00e4tzen in \u00f6ffentlichen Verkehrsmitteln, beim Sprechen, im TV und im\nMainstreamkino, M\u00e4nner hatten und haben immer mehr Platz und Raum als Frauen.\nDurch das hierdurch hervorgerufene \u00fcberzogene Selbstbewusstsein denken viele\nM\u00e4nner, dass Frauen sich grunds\u00e4tzlich \u00fcber ihre Meinung freuen und an dieser\ninteressiert sein m\u00fcssen. Sie denken sie h\u00e4tten ein Recht darauf, zumindest\nCatcaller denken das. Au\u00dferdem gibt es auch immer noch viele Menschen, die\nCatcalling banalisieren. Frauen sollen Catcalling entweder als Kompliment\nauffassen oder einfach ignorieren.\u201c<\/em><\/p>\n\n\n\n<p><a><em>Sonsoles P\u00e9rez Laporta (feministische\nAktivistin und Leitende der Instagramseite \u201eCatcalls of Ingolstadt\u201c)<\/em><\/a><\/p>\n\n\n\n<p>Catcalling von Flirten zu unterscheiden, f\u00e4llt keinem\nBetroffenen schwer. Catcalling dient der reinen Provokation und Demonstration\nvon Macht und Dominanz des Senders an den Empf\u00e4nger. Es ist nie positiv\ngemeint. Dem sind sich sowohl Empf\u00e4nger als auch Sender bewusst. <\/p>\n\n\n\n<p>Zu behaupten, nur Frauen sehen sich Catcalling ausgeliefert\nw\u00e4re falsch. Jedoch muss sich nach Erfahrungsberichten jeder eingestehen, dass\nvor allem M\u00e4dchen und darunter besonders junge M\u00e4dchen davon betroffen sind.<\/p>\n\n\n\n<p>Catcalling und der Umgang mit der Thematik m\u00fcssen offen\nbesprochen werden, denn von solchen Situationen darf man nicht nur auf der\nStra\u00dfe, sondern auch in der Schule oder am Arbeitsplatz ausgehen. <\/p>\n\n\n\n<p>Und zuletzt noch ein paar Fragen an euch alle. <\/p>\n\n\n\n<p>Wie f\u00fchlst du dich dabei? Was denkst du, wenn es passiert? <\/p>\n","protected":false},"excerpt":{"rendered":"<div class=\"mh-excerpt\"><p>Von Hana Besirevic Der Spruch eines fremden, ein Kommentar eines Bekannten, das Starren eines Kollegen oder Klassenkameraden bis hin zum Griff unter den Rock. Viele <a class=\"mh-excerpt-more\" href=\"https:\/\/bos-scheyern.de\/sz\/?p=2745\" title=\"Catcalling und das Tabu darum\">[&#8230;]<\/a><\/p>\n<\/div>","protected":false},"author":39,"featured_media":2746,"comment_status":"closed","ping_status":"closed","sticky":false,"template":"","format":"standard","meta":{"footnotes":""},"categories":[20],"tags":[],"_links":{"self":[{"href":"https:\/\/bos-scheyern.de\/sz\/index.php?rest_route=\/wp\/v2\/posts\/2745"}],"collection":[{"href":"https:\/\/bos-scheyern.de\/sz\/index.php?rest_route=\/wp\/v2\/posts"}],"about":[{"href":"https:\/\/bos-scheyern.de\/sz\/index.php?rest_route=\/wp\/v2\/types\/post"}],"author":[{"embeddable":true,"href":"https:\/\/bos-scheyern.de\/sz\/index.php?rest_route=\/wp\/v2\/users\/39"}],"replies":[{"embeddable":true,"href":"https:\/\/bos-scheyern.de\/sz\/index.php?rest_route=%2Fwp%2Fv2%2Fcomments&post=2745"}],"version-history":[{"count":2,"href":"https:\/\/bos-scheyern.de\/sz\/index.php?rest_route=\/wp\/v2\/posts\/2745\/revisions"}],"predecessor-version":[{"id":2757,"href":"https:\/\/bos-scheyern.de\/sz\/index.php?rest_route=\/wp\/v2\/posts\/2745\/revisions\/2757"}],"wp:featuredmedia":[{"embeddable":true,"href":"https:\/\/bos-scheyern.de\/sz\/index.php?rest_route=\/wp\/v2\/media\/2746"}],"wp:attachment":[{"href":"https:\/\/bos-scheyern.de\/sz\/index.php?rest_route=%2Fwp%2Fv2%2Fmedia&parent=2745"}],"wp:term":[{"taxonomy":"category","embeddable":true,"href":"https:\/\/bos-scheyern.de\/sz\/index.php?rest_route=%2Fwp%2Fv2%2Fcategories&post=2745"},{"taxonomy":"post_tag","embeddable":true,"href":"https:\/\/bos-scheyern.de\/sz\/index.php?rest_route=%2Fwp%2Fv2%2Ftags&post=2745"}],"curies":[{"name":"wp","href":"https:\/\/api.w.org\/{rel}","templated":true}]}}