{"id":2749,"date":"2021-03-27T15:14:11","date_gmt":"2021-03-27T14:14:11","guid":{"rendered":"https:\/\/bos-scheyern.de\/sz\/?p=2749"},"modified":"2021-03-27T15:14:13","modified_gmt":"2021-03-27T14:14:13","slug":"von-einer-unsichtbaren-immer-wichtiger-werdenden-grenze","status":"publish","type":"post","link":"https:\/\/bos-scheyern.de\/sz\/?p=2749","title":{"rendered":"Von einer unsichtbaren, immer wichtiger werdenden Grenze"},"content":{"rendered":"\n<p><em>von Alexandra Lang (Arbeitsgruppe Schule gegen Rassismus)<\/em><\/p>\n\n\n\n<div class=\"wp-block-image\"><figure class=\"alignright is-resized\"><img loading=\"lazy\" decoding=\"async\" src=\"https:\/\/cdn.pixabay.com\/photo\/2020\/06\/06\/15\/06\/racism-5266891_960_720.jpg\" alt=\"\" width=\"266\" height=\"152\"\/><\/figure><\/div>\n\n\n\n<p>Sowohl in den Medien, als auch im Gespr\u00e4ch mit Freunden, Bekannten oder in der Schule kommt immer h\u00e4ufiger die Frage auf, wo denn die Meinungsfreiheit in Deutschland aufh\u00f6re und wo Diskriminierung anfange. Die Antwort darauf ist simpel: Es gibt diese klare, eindeutige Grenze nicht. Und doch geben uns der gesunde Menschenverstand, die Toleranz anderen gegen\u00fcber und die herrschende Moral Anhaltspunkte, was angemessen ist und was nicht.<\/p>\n\n\n\n<p>Zu Beginn ein paar Fakten und\nBegriffsdefinitionen: <\/p>\n\n\n\n<p>In Deutschland herrscht Meinungsfreiheit,\ndas hei\u00dft, dass jeder B\u00fcrger das Recht hat, \u201eseine Meinung in Wort, Schrift und\nBild frei zu \u00e4u\u00dfern und zu verbreiten\u201c (Grundgesetz Artikel 5, Absatz 1). Diese\nFreiheit h\u00f6rt normalerweise dort auf, wo die Rechte eines anderen Menschen\nverletzt werden oder zu Straftaten aufgerufen wird. Meist entscheidet dann das\nGericht dar\u00fcber, was unter diesen Grundsatz f\u00e4llt oder nicht. Weiter hei\u00dft es:\n\u201eKunst und Wissenschaft, Forschung und Lehre sind frei\u201c (Grundgesetz Artikel 5,\nAbsatz 3), das bedeutet, dass K\u00fcnstler, Wissenschaftler, Forscher, Lehrer und\nProfessoren besonders frei in ihrem Ausdruck beziehungsweise ihrer Lehre sind.<\/p>\n\n\n\n<p>Unter Diskriminierung fallen\nalle Handlungen und Verhaltensweisen, die bestimmte Gruppen, die beispielsweise\neiner Religion angeh\u00f6ren oder in einem bestimmten Kriterium (zum Beispiel in\nHautfarbe, k\u00f6rperliche\/ geistige Behinderungen) \u00fcbereinstimmen, ausschlie\u00dfen.\nDiese werden als von der Norm der Gesellschaft abweichend angesehen, ihnen\nwerden Eigenschaften zugeschrieben, die teilweise ein friedliches Zusammenleben\noder den einzelnen B\u00fcrger gef\u00e4hrden k\u00f6nnten.<\/p>\n\n\n\n<p>Meinungs- und politische Redefreiheit sind wichtig f\u00fcr den Erhalt der Demokratie in Deutschland. Auch f\u00fcr die pers\u00f6nliche Entwicklung eines jeden Menschen sowie f\u00fcr die Meinungsbildung sind diese essenziell: Ohne Input, kein Output, keine Reflexion, keine Entwicklung eigener Standpunkte und letztendlich keine Weiterentwicklung der Gesellschaft.<\/p>\n\n\n\n<p>Vor allem junge Leute, die in\nder Schule und in den Medien auf die Frage nach der Grenze zwischen \u201eokay\u201c und\n\u201enicht okay\u201c sto\u00dfen, haben h\u00e4ufig Angst, nichts mehr sagen zu d\u00fcrfen oder dass\ndas Gesagte verletzend gegen\u00fcber eines anderen war. Ja, es ist wichtig, sich\ndar\u00fcber Gedanken zu machen, denn eigentlich geht es haupts\u00e4chlich darum: Wo\nf\u00fchlen sich Menschen anderer Kulturen und Religionen in ihrer Freiheit\nangegriffen und was verletzt sie? <\/p>\n\n\n\n<p>Die Aufgabe der Schaffung dieser \u201eGrenze\u201c liegt also auf der Seite des Betroffenen sowie dessen Gespr\u00e4chspartner und ist individuell, von Mensch zu Mensch unterschiedlich. <\/p>\n\n\n\n<p>Konstruktive, reflektierte,\nkritische \u00c4u\u00dferungen in der Schule und im Alltag, sei es durch Wort, Schrift\noder Bild, die eine \u00f6ffentliche Diskussion zulassen, sind wichtig f\u00fcr die\nDebattenkultur in Deutschland und Meinungsbildung einer jeden Person. Dabei\nsind jedoch in jedem Fall die pers\u00f6nlichen Grenzen des Gegen\u00fcbers zu wahren,\ndenn was politisch korrekt ausgedr\u00fcckt ist, kann f\u00fcr den Einzelnen trotzdem\nverletzend sein. Trotzdem liegt die Verantwortung auf beiden Seiten: Wenn du\ndich also verletzt f\u00fchlst oder das Gesagte als angreifend empfindest, solltest\ndu zumindest versuchen, dies konstruktiv anzusprechen und zu \u00e4u\u00dfern.<\/p>\n\n\n\n<figure class=\"wp-block-image\"><img decoding=\"async\" src=\"https:\/\/cdn.pixabay.com\/photo\/2020\/12\/11\/21\/14\/hands-5823846_960_720.png\" alt=\"H\u00e4nde, Sch\u00fctteln, H\u00e4ndedruck, Handschlag\"\/><\/figure>\n\n\n\n<p><strong>Eine Anleitung f\u00fcr bessere Kommunikation in der Schule und im Alltag<\/strong>&nbsp;<\/p>\n\n\n\n<p>1.  <strong>Selbstreflexion<\/strong>: Habe ich Vorurteile gegen\u00fcber Personen, die einer anderen Religion oder Kultur angeh\u00f6ren? Wie beeinflussen diese mein Gespr\u00e4ch mit anderen?<\/p>\n\n\n\n<p>2. <strong>Austausch<\/strong> und <strong>Reflexion<\/strong> mit betroffenen Personen: Welche Begriffe sind okay und welche verletzend? Habe ich das gesagt, was ich sagen wollte, oder sind die Informationen falsch angekommen? <\/p>\n\n\n\n<p>3. Auf <strong>Formulierungen<\/strong> achten: S\u00e4tze wie \u201eOh wow, du kannst \u00fcberraschend gut Deutsch sprechen!\u201c oder \u201eWoher kommst du? Du siehst nicht aus, als w\u00fcrdest du von hier kommen\u201c sind mit Vorurteilen behaftet und k\u00f6nnen verletzend sein.<\/p>\n\n\n\n<p>4.<strong>Begriffsdefinitionen<\/strong> nachschlagen. <\/p>\n\n\n\n<p>5. Auf <strong>Mimik\/ Gestik<\/strong> des anderen achten: Meistens ist schon abzulesen, ob etwas angreifend oder verletzend war, wenn dies der Fall ist: Sprich es an!<\/p>\n\n\n\n<p>6. <strong>Konstruktive, reflektierte \u00c4u\u00dferung<\/strong> der eigenen Meinung oder Ansichten.<\/p>\n","protected":false},"excerpt":{"rendered":"<div class=\"mh-excerpt\"><p>Wo h\u00f6rt Meinungsfreiheit auf und wo f\u00e4ngt Diskriminierung an? Eine Anleitung f\u00fcr bessere Kommunikation in der Schule und im Alltag der Schule ohne Rassismus AG.<\/p>\n<\/div>","protected":false},"author":42,"featured_media":2750,"comment_status":"closed","ping_status":"closed","sticky":false,"template":"","format":"standard","meta":{"footnotes":""},"categories":[20,5,4,18],"tags":[82,26,36],"_links":{"self":[{"href":"https:\/\/bos-scheyern.de\/sz\/index.php?rest_route=\/wp\/v2\/posts\/2749"}],"collection":[{"href":"https:\/\/bos-scheyern.de\/sz\/index.php?rest_route=\/wp\/v2\/posts"}],"about":[{"href":"https:\/\/bos-scheyern.de\/sz\/index.php?rest_route=\/wp\/v2\/types\/post"}],"author":[{"embeddable":true,"href":"https:\/\/bos-scheyern.de\/sz\/index.php?rest_route=\/wp\/v2\/users\/42"}],"replies":[{"embeddable":true,"href":"https:\/\/bos-scheyern.de\/sz\/index.php?rest_route=%2Fwp%2Fv2%2Fcomments&post=2749"}],"version-history":[{"count":3,"href":"https:\/\/bos-scheyern.de\/sz\/index.php?rest_route=\/wp\/v2\/posts\/2749\/revisions"}],"predecessor-version":[{"id":2754,"href":"https:\/\/bos-scheyern.de\/sz\/index.php?rest_route=\/wp\/v2\/posts\/2749\/revisions\/2754"}],"wp:featuredmedia":[{"embeddable":true,"href":"https:\/\/bos-scheyern.de\/sz\/index.php?rest_route=\/wp\/v2\/media\/2750"}],"wp:attachment":[{"href":"https:\/\/bos-scheyern.de\/sz\/index.php?rest_route=%2Fwp%2Fv2%2Fmedia&parent=2749"}],"wp:term":[{"taxonomy":"category","embeddable":true,"href":"https:\/\/bos-scheyern.de\/sz\/index.php?rest_route=%2Fwp%2Fv2%2Fcategories&post=2749"},{"taxonomy":"post_tag","embeddable":true,"href":"https:\/\/bos-scheyern.de\/sz\/index.php?rest_route=%2Fwp%2Fv2%2Ftags&post=2749"}],"curies":[{"name":"wp","href":"https:\/\/api.w.org\/{rel}","templated":true}]}}