{"id":2762,"date":"2021-05-18T16:57:43","date_gmt":"2021-05-18T14:57:43","guid":{"rendered":"https:\/\/bos-scheyern.de\/sz\/?p=2762"},"modified":"2021-05-18T16:59:17","modified_gmt":"2021-05-18T14:59:17","slug":"ab-jetzt-wird-gelogen-aber-wen-wunderts","status":"publish","type":"post","link":"https:\/\/bos-scheyern.de\/sz\/?p=2762","title":{"rendered":"Ab jetzt wird gelogen \u2013 aber wen wundert\u2019s?"},"content":{"rendered":"\n<p><em>von Lukas Gmelch <\/em><\/p>\n\n\n\n<p>Aufgrund der angek\u00fcndigten Corona-Lockerungen f\u00fcr geimpfte oder genesene Personen ist es immer h\u00e4ufiger der Fall, dass Impfwillige falsche Angaben machen, um fr\u00fcher eine Impfung zu erhalten: Die Schwester sei schwanger, man sei in der freiwilligen Feuerwehr aktiv, obwohl man seit Jahren nur noch dran vorbeif\u00e4hrt, oder man hat angeblich 50 Pfund mehr auf den Rippen.<\/p>\n\n\n\n<figure class=\"wp-block-image\"><img decoding=\"async\" src=\"\" alt=\"\"\/><\/figure>\n\n\n\n<p>Aber wer kann es den \u201eL\u00fcgnern\u201c ver\u00fcbeln? \u00dcber ein Jahr\nverhielt sich die Mehrheit der deutschen Bev\u00f6lkerung vorbildlich solidarisch. Die\njungen Gesellschaftsgruppen opferten ein Jahr ihrer wertvollen Jugend. Doch\ngenau sie sind jetzt die Verlierer dieses ab 09.05. geltenden Beschlusses der\nBundesregierung: F\u00fcr Geimpfte und Genesene gelten keine Ausgangsbeschr\u00e4nkungen,\ndie Kontaktbeschr\u00e4nkungen wurden erheblich reduziert und es wird kein negativer\nTest, wenn sie zum Friseur gehen, ben\u00f6tigt. Die gesunden jungen Erwachsenen in\nder Prio-Gruppe 4 haben den K\u00fcrzeren gezogen und m\u00fcssen weiterhin auf einen\nImpftermin warten. <\/p>\n\n\n\n<p>So war es fast\nvorherzusehen, dass es vielerorts Impfdr\u00e4ngler gibt, welche l\u00fcgen, um fr\u00fcher\neine Impfung gegen das Corona-Virus zu erhalten. Die Forderung, dass diese\nDr\u00e4ngler hohe Strafen wie diejenigen, die sich nicht an die Ausgangs- und\nKontaktbeschr\u00e4nkungen gehalten haben, erhalten sollen, ist berechtigt. Denn es\nist sicherlich nicht die feine Art zu l\u00fcgen, um sich selbst einen Vorteil\ngegen\u00fcber anderen zu verschaffen. Dieses Verhalten zeigt aber deutlich, zu\nwelchen Mitteln mittlerweile gegriffen wird, um endlich dem monatelangen\nCoronachaos zu entfliehen. <\/p>\n\n\n\n<p>Diese\nEreignisse sollten andere Konsequenzen haben: Statt diejenigen zu bestrafen,\ndie lediglich wieder am sozialen Leben teilnehmen wollen, ist die Aufhebung der\nImpfpriorisierung ein Schritt zur Chancengleichheit f\u00fcr die gesamte\nBev\u00f6lkerung. Es ist ein Armutszeugnis, dass durch die Lockerungen die vielen\njungen Ungeimpften, welche sich selbst monatelang aus Solidarit\u00e4t zuhause\neinsperrten, benachteiligt werden.<\/p>\n\n\n\n<p>Klar ist, dass durch\ndie Aufhebung der Impfpriorisierung nicht gleichzeitig schneller geimpft wird.\nTrotzdem w\u00e4re es ein Signal der Dankbarkeit an alle, die mittlerweile \u00fcber ein\nJahr auf viele ihrer Rechte, zum Wohle aller, verzichtet haben.<\/p>\n\n\n\n<p>Und eines noch:\nJede geimpfte Person &#8211; wei\u00df der Teufel wie und warum sie die Impfung erhalten\nhat &#8211; bringt uns der Normalit\u00e4t einen Schritt n\u00e4her.<\/p>\n","protected":false},"excerpt":{"rendered":"<div class=\"mh-excerpt\"><p>von Lukas Gmelch Aufgrund der angek\u00fcndigten Corona-Lockerungen f\u00fcr geimpfte oder genesene Personen ist es immer h\u00e4ufiger der Fall, dass Impfwillige falsche Angaben machen, um fr\u00fcher <a class=\"mh-excerpt-more\" href=\"https:\/\/bos-scheyern.de\/sz\/?p=2762\" title=\"Ab jetzt wird gelogen \u2013 aber wen wundert\u2019s?\">[&#8230;]<\/a><\/p>\n<\/div>","protected":false},"author":39,"featured_media":2763,"comment_status":"closed","ping_status":"closed","sticky":false,"template":"","format":"standard","meta":{"footnotes":""},"categories":[20],"tags":[],"_links":{"self":[{"href":"https:\/\/bos-scheyern.de\/sz\/index.php?rest_route=\/wp\/v2\/posts\/2762"}],"collection":[{"href":"https:\/\/bos-scheyern.de\/sz\/index.php?rest_route=\/wp\/v2\/posts"}],"about":[{"href":"https:\/\/bos-scheyern.de\/sz\/index.php?rest_route=\/wp\/v2\/types\/post"}],"author":[{"embeddable":true,"href":"https:\/\/bos-scheyern.de\/sz\/index.php?rest_route=\/wp\/v2\/users\/39"}],"replies":[{"embeddable":true,"href":"https:\/\/bos-scheyern.de\/sz\/index.php?rest_route=%2Fwp%2Fv2%2Fcomments&post=2762"}],"version-history":[{"count":2,"href":"https:\/\/bos-scheyern.de\/sz\/index.php?rest_route=\/wp\/v2\/posts\/2762\/revisions"}],"predecessor-version":[{"id":2765,"href":"https:\/\/bos-scheyern.de\/sz\/index.php?rest_route=\/wp\/v2\/posts\/2762\/revisions\/2765"}],"wp:featuredmedia":[{"embeddable":true,"href":"https:\/\/bos-scheyern.de\/sz\/index.php?rest_route=\/wp\/v2\/media\/2763"}],"wp:attachment":[{"href":"https:\/\/bos-scheyern.de\/sz\/index.php?rest_route=%2Fwp%2Fv2%2Fmedia&parent=2762"}],"wp:term":[{"taxonomy":"category","embeddable":true,"href":"https:\/\/bos-scheyern.de\/sz\/index.php?rest_route=%2Fwp%2Fv2%2Fcategories&post=2762"},{"taxonomy":"post_tag","embeddable":true,"href":"https:\/\/bos-scheyern.de\/sz\/index.php?rest_route=%2Fwp%2Fv2%2Ftags&post=2762"}],"curies":[{"name":"wp","href":"https:\/\/api.w.org\/{rel}","templated":true}]}}