{"id":2788,"date":"2021-12-21T08:17:41","date_gmt":"2021-12-21T07:17:41","guid":{"rendered":"https:\/\/bos-scheyern.de\/sz\/?p=2788"},"modified":"2021-12-23T18:17:06","modified_gmt":"2021-12-23T17:17:06","slug":"bunte-farben-gegen-braune-schatten","status":"publish","type":"post","link":"https:\/\/bos-scheyern.de\/sz\/?p=2788","title":{"rendered":"Bunte Farben gegen braune Schatten"},"content":{"rendered":"\n<p>von Sara Strazzer<\/p>\n\n\n\n<p>Die \u201eSchule ohne Rassismus, Schule mit Courage AG\u201c an der FOS\/BOS Scheyern organisierte zur weihnachtlichen Adventszeit ein Projekt. Die Idee und Umsetzung dieses Projektes stammen von den Leiterinnen Frau Thielitz und Frau Thalmeier. Ziel dieser Aktion ist es, ein kreatives Statement zu setzen, unter dem Motto \u201eScheyern ist bunt!\u201c<\/p>\n\n\n\n<p>Es wurden farbige Folien auf die Innenseiten der Fenster\ngeklebt, wodurch die Scheiben bei Beleuchtung der Fenster bunt wirken. Beklebt\nwurden bisher der Neubau im Bereich des Sekretariats und die Fenster im\nWohnheim auf der gegen\u00fcberliegenden Seite. <\/p>\n\n\n\n<p>Dieses Projekt zeigt, dass nicht vergessen werden soll, was in der Zeit des Nationalsozialismus geschah und heutzutage teilweise immer noch geschieht. Es ist ein kleiner Schritt ins Positive. Ein kleiner Schritt f\u00fcr die Gleichberechtigung jedes Menschen.<\/p>\n\n\n\n<figure class=\"wp-block-image\"><img loading=\"lazy\" decoding=\"async\" width=\"225\" height=\"300\" src=\"https:\/\/bos-scheyern.de\/sz\/wp-content\/uploads\/2021\/12\/Scheyern-ist-bunt-225x300.png\" alt=\"Foto: Anna Schmitt\nDas Bild zeigt bunte Klebefolien, die an der Innenseite eines Fensters angebracht wurden. \" class=\"wp-image-2789\" srcset=\"https:\/\/bos-scheyern.de\/sz\/wp-content\/uploads\/2021\/12\/Scheyern-ist-bunt-225x300.png 225w, https:\/\/bos-scheyern.de\/sz\/wp-content\/uploads\/2021\/12\/Scheyern-ist-bunt-150x200.png 150w, https:\/\/bos-scheyern.de\/sz\/wp-content\/uploads\/2021\/12\/Scheyern-ist-bunt-768x1024.png 768w, https:\/\/bos-scheyern.de\/sz\/wp-content\/uploads\/2021\/12\/Scheyern-ist-bunt-400x533.png 400w, https:\/\/bos-scheyern.de\/sz\/wp-content\/uploads\/2021\/12\/Scheyern-ist-bunt.png 805w\" sizes=\"(max-width: 225px) 100vw, 225px\" \/><\/figure>\n\n\n\n<p>Doch es wurden nicht nur Fenster beklebt. F\u00fcr jede Adventswoche gab es im Unterricht ein Medium, wor\u00fcber diskutiert wurde. Mal war es ein Bild oder auch ein Filmausschnitt, mit dem Themen wie Rassismus und Diskriminierung verarbeitet und besprochen wurden. Durch diese aufmerksamen Aktionen und Projekte wird auf das Bemerken allt\u00e4glicher Dinge in Bezug dieser Thematiken sensibilisiert und aufgekl\u00e4rt. Jeder ist f\u00fcr das Denken und Ablegen bestimmter Vorurteile selbst verantwortlich. Es ist wichtig, zusammenzuhalten und sich gegenseitig akzeptieren zu k\u00f6nnen, denn jeder Mensch ist auf seine Weise einzigartig.<\/p>\n","protected":false},"excerpt":{"rendered":"<div class=\"mh-excerpt\"><p>von Sara Strazzer Die \u201eSchule ohne Rassismus, Schule mit Courage AG\u201c an der FOS\/BOS Scheyern organisierte zur weihnachtlichen Adventszeit ein Projekt. Die Idee und Umsetzung <a class=\"mh-excerpt-more\" href=\"https:\/\/bos-scheyern.de\/sz\/?p=2788\" title=\"Bunte Farben gegen braune Schatten\">[&#8230;]<\/a><\/p>\n<\/div>","protected":false},"author":47,"featured_media":2791,"comment_status":"closed","ping_status":"closed","sticky":true,"template":"","format":"standard","meta":{"footnotes":""},"categories":[20,1],"tags":[],"_links":{"self":[{"href":"https:\/\/bos-scheyern.de\/sz\/index.php?rest_route=\/wp\/v2\/posts\/2788"}],"collection":[{"href":"https:\/\/bos-scheyern.de\/sz\/index.php?rest_route=\/wp\/v2\/posts"}],"about":[{"href":"https:\/\/bos-scheyern.de\/sz\/index.php?rest_route=\/wp\/v2\/types\/post"}],"author":[{"embeddable":true,"href":"https:\/\/bos-scheyern.de\/sz\/index.php?rest_route=\/wp\/v2\/users\/47"}],"replies":[{"embeddable":true,"href":"https:\/\/bos-scheyern.de\/sz\/index.php?rest_route=%2Fwp%2Fv2%2Fcomments&post=2788"}],"version-history":[{"count":4,"href":"https:\/\/bos-scheyern.de\/sz\/index.php?rest_route=\/wp\/v2\/posts\/2788\/revisions"}],"predecessor-version":[{"id":2804,"href":"https:\/\/bos-scheyern.de\/sz\/index.php?rest_route=\/wp\/v2\/posts\/2788\/revisions\/2804"}],"wp:featuredmedia":[{"embeddable":true,"href":"https:\/\/bos-scheyern.de\/sz\/index.php?rest_route=\/wp\/v2\/media\/2791"}],"wp:attachment":[{"href":"https:\/\/bos-scheyern.de\/sz\/index.php?rest_route=%2Fwp%2Fv2%2Fmedia&parent=2788"}],"wp:term":[{"taxonomy":"category","embeddable":true,"href":"https:\/\/bos-scheyern.de\/sz\/index.php?rest_route=%2Fwp%2Fv2%2Fcategories&post=2788"},{"taxonomy":"post_tag","embeddable":true,"href":"https:\/\/bos-scheyern.de\/sz\/index.php?rest_route=%2Fwp%2Fv2%2Ftags&post=2788"}],"curies":[{"name":"wp","href":"https:\/\/api.w.org\/{rel}","templated":true}]}}