{"id":2824,"date":"2022-02-13T11:20:51","date_gmt":"2022-02-13T10:20:51","guid":{"rendered":"https:\/\/bos-scheyern.de\/sz\/?p=2824"},"modified":"2022-02-13T11:20:52","modified_gmt":"2022-02-13T10:20:52","slug":"stark-im-team-kommunizieren","status":"publish","type":"post","link":"https:\/\/bos-scheyern.de\/sz\/?p=2824","title":{"rendered":"\u201eStark im Team kommunizieren\u201c"},"content":{"rendered":"\n<p><strong>R\u00fcckblick zum Workshop f\u00fcr Mitglieder der SMW\u00a0\u201eStark im Team kommunizieren\u201c\u00a0<\/strong><\/p>\n\n\n\n<p><em>von Sara Strazzer<\/em><\/p>\n\n\n\n<p>Am\n31.01.2022 fand in der Berufsoberschule Scheyern ein Workshop \u00fcber achtsame\nKommunikation statt, zu dem alle Sch\u00fclersprecher*innen, Klassensprecher*innen\nund AG-Mitglieder eingeladen wurden. Organisiert wurde dieser Workshop von Frau\nPatrizia Thalmeier und Frau Sabine Thielitz, den Leiterinnen der AG \u201eSchule\nohne Rassismus, Schule mit Courage\u201c. Geleitet wurde dieser Workshop von Frau\nTheresa Klesper, die derzeit als Teamlehrkraft f\u00fcr Deutsch an der FOS\/BOS in\nScheyern arbeitet und selbstst\u00e4ndig als Coach und Yogalehrerin f\u00fcr\nPrivatpersonen und Unternehmen t\u00e4tig ist.&nbsp;<\/p>\n\n\n\n<p>Der\nWorkshop orientierte sich an Marshall B. Rosenbergs Buch mit dem Titel\n\u201eGewaltfreie Kommunikation\u201c, worin unter anderem Formen der gewaltfreien\nKommunikation, Konfliktl\u00f6sungen und Umgangsm\u00f6glichkeiten mit verbaler Gewalt\nveranschaulicht werden. Frau Klesper leitete das Treffen und half den\nSch\u00fcler*innen bei der praktischen Umsetzung der achtsamen und gewaltfreien\nKommunikation. Durch verschiedene \u00dcbungen konnten alle Teilnehmer*innen aktiv\nmitmachen und wurden so f\u00fcr das komplexe Thema <em>Kommunikation <\/em>sensibilisiert.\nAuch wurde dadurch ein neues Bewusstsein gegen\u00fcber dem Umgang mit Mitmenschen\nin Konfliktsituationen geschaffen.&nbsp;<\/p>\n\n\n\n<p>Zuerst\nfand eine Begr\u00fc\u00dfung statt, die daraufhin durch eine kleine Vorstellungsrunde\nund eine meditative \u00dcbung bereichert wurde. Danach folgten die\nInformationsvermittlung sowie die Gruppen- und Einzel\u00fcbungen. Thematisiert\nwurden dabei die vier Komponenten der gewaltfreien Kommunikation: Beobachtung,\nGef\u00fchle, Bed\u00fcrfnisse und Bitte. Im Mittelpunkt standen Situationen, die man\nerst beobachtete und dann sachlich wiedergab, ohne sich eine Meinung zu bilden.\nDanach durften alle Teilnehmer*innen ihre Gef\u00fchle zu dieser Situation\nmitteilen. Zum Schluss wurden die Bed\u00fcrfnisse ge\u00e4u\u00dfert und eine Bitte\nformuliert, um somit den Konflikt zu l\u00f6sen. Wir lernten, dass diese Erkenntnis\nauch auf Alltagskonflikte, wie beispielsweise das \u00c4rgern \u00fcber den Sonntagsfahrer\noder auch der Streit zwischen zwei Menschen, angewandt werden kann. &nbsp;<\/p>\n\n\n\n<p>Am\nEnde wurde jedem Teilnehmer die M\u00f6glichkeit geboten, diesen Tag zu reflektieren\nund seine eigene Meinung zu dem Workshop und zur Thematik <em>Kommunikation <\/em>zu\n\u00e4u\u00dfern. Dabei fielen die R\u00fcckmeldungen \u00fcberwiegend positiv aus, wenngleich sich\ndie Sch\u00fclerinnen und Sch\u00fcler durchaus den Herausforderungen bei der Umsetzung\ndes Konzeptes im Alltag bewusst waren. Aber wie auch schon Marshall B.\nRosenberg feststellte, ist achtsame Kommunikation eben ein lebenslanger\nLernprozess.&nbsp;<strong><\/strong><\/p>\n","protected":false},"excerpt":{"rendered":"<div class=\"mh-excerpt\"><p>R\u00fcckblick zum Workshop f\u00fcr Mitglieder der SMW\u00a0\u201eStark im Team kommunizieren\u201c\u00a0 von Sara Strazzer Am 31.01.2022 fand in der Berufsoberschule Scheyern ein Workshop \u00fcber achtsame Kommunikation <a class=\"mh-excerpt-more\" href=\"https:\/\/bos-scheyern.de\/sz\/?p=2824\" title=\"\u201eStark im Team kommunizieren\u201c\">[&#8230;]<\/a><\/p>\n<\/div>","protected":false},"author":39,"featured_media":2825,"comment_status":"closed","ping_status":"closed","sticky":false,"template":"","format":"standard","meta":{"footnotes":""},"categories":[20],"tags":[],"_links":{"self":[{"href":"https:\/\/bos-scheyern.de\/sz\/index.php?rest_route=\/wp\/v2\/posts\/2824"}],"collection":[{"href":"https:\/\/bos-scheyern.de\/sz\/index.php?rest_route=\/wp\/v2\/posts"}],"about":[{"href":"https:\/\/bos-scheyern.de\/sz\/index.php?rest_route=\/wp\/v2\/types\/post"}],"author":[{"embeddable":true,"href":"https:\/\/bos-scheyern.de\/sz\/index.php?rest_route=\/wp\/v2\/users\/39"}],"replies":[{"embeddable":true,"href":"https:\/\/bos-scheyern.de\/sz\/index.php?rest_route=%2Fwp%2Fv2%2Fcomments&post=2824"}],"version-history":[{"count":1,"href":"https:\/\/bos-scheyern.de\/sz\/index.php?rest_route=\/wp\/v2\/posts\/2824\/revisions"}],"predecessor-version":[{"id":2826,"href":"https:\/\/bos-scheyern.de\/sz\/index.php?rest_route=\/wp\/v2\/posts\/2824\/revisions\/2826"}],"wp:featuredmedia":[{"embeddable":true,"href":"https:\/\/bos-scheyern.de\/sz\/index.php?rest_route=\/wp\/v2\/media\/2825"}],"wp:attachment":[{"href":"https:\/\/bos-scheyern.de\/sz\/index.php?rest_route=%2Fwp%2Fv2%2Fmedia&parent=2824"}],"wp:term":[{"taxonomy":"category","embeddable":true,"href":"https:\/\/bos-scheyern.de\/sz\/index.php?rest_route=%2Fwp%2Fv2%2Fcategories&post=2824"},{"taxonomy":"post_tag","embeddable":true,"href":"https:\/\/bos-scheyern.de\/sz\/index.php?rest_route=%2Fwp%2Fv2%2Ftags&post=2824"}],"curies":[{"name":"wp","href":"https:\/\/api.w.org\/{rel}","templated":true}]}}