{"id":2830,"date":"2022-03-09T11:59:04","date_gmt":"2022-03-09T10:59:04","guid":{"rendered":"https:\/\/bos-scheyern.de\/sz\/?p=2830"},"modified":"2022-03-09T12:52:23","modified_gmt":"2022-03-09T11:52:23","slug":"ein-zeichen-der-solidaritaet","status":"publish","type":"post","link":"https:\/\/bos-scheyern.de\/sz\/?p=2830","title":{"rendered":"Ein Zeichen der Solidarit\u00e4t"},"content":{"rendered":"\n<p><em>die Redaktion<\/em><\/p>\n\n\n\n<div class=\"wp-block-image\"><figure class=\"alignright\"><img loading=\"lazy\" decoding=\"async\" width=\"300\" height=\"225\" src=\"https:\/\/bos-scheyern.de\/sz\/wp-content\/uploads\/2022\/03\/Bild-Spendenaktion-300x225.jpeg\" alt=\"\" class=\"wp-image-2831\" srcset=\"https:\/\/bos-scheyern.de\/sz\/wp-content\/uploads\/2022\/03\/Bild-Spendenaktion-300x225.jpeg 300w, https:\/\/bos-scheyern.de\/sz\/wp-content\/uploads\/2022\/03\/Bild-Spendenaktion-200x150.jpeg 200w, https:\/\/bos-scheyern.de\/sz\/wp-content\/uploads\/2022\/03\/Bild-Spendenaktion-768x576.jpeg 768w, https:\/\/bos-scheyern.de\/sz\/wp-content\/uploads\/2022\/03\/Bild-Spendenaktion-174x131.jpeg 174w, https:\/\/bos-scheyern.de\/sz\/wp-content\/uploads\/2022\/03\/Bild-Spendenaktion-70x53.jpeg 70w, https:\/\/bos-scheyern.de\/sz\/wp-content\/uploads\/2022\/03\/Bild-Spendenaktion-1250x938.jpeg 1250w, https:\/\/bos-scheyern.de\/sz\/wp-content\/uploads\/2022\/03\/Bild-Spendenaktion-400x300.jpeg 400w\" sizes=\"(max-width: 300px) 100vw, 300px\" \/><figcaption>F<em>oto: Anna Schmitt<\/em><\/figcaption><\/figure><\/div>\n\n\n\n<p>Kleine Str\u00e4u\u00dfchen aus Zweigen vom Buchsbaum, zusammengebunden mit Satinb\u00e4ndchen in den Farben der Ukraine, blau und gelb. <\/p>\n\n\n\n<p>Diese <strong>Friedensstr\u00e4u\u00dfchen <\/strong>wurden zu Beginn dieser Schulwoche gegen eine kleine Spende an Lehrer und Sch\u00fcler der FOS\/BOS Scheyern verkauft. Mit Stecknadeln konnten diese an der Jacke, am Pulli oder auch an der Schultasche befestigt werden.<\/p>\n\n\n\n<p>Hintergrund dieser Aktion war und ist es, Verbundenheit mit den Ukrainern zu zeigen, deren Land sich aktuell im Kriegszustand befindet. Um der Fassungslosigkeit \u00fcber diesen Krieg mitten in Europa zumindest ein wenig Herr zu werden, wurde diese Aktion von der <strong>Fachschaft Geschichte\/ Politik und Gesellschaft zusammen mit der SMV<\/strong> initiiert. Die eingenommenen Spendengelder flie\u00dfen der Organisation<strong> &#8222;Sch\u00fcler Helfen Leben (SHL)&#8220;<\/strong> zu.<\/p>\n","protected":false},"excerpt":{"rendered":"<div class=\"mh-excerpt\"><p>die Redaktion Kleine Str\u00e4u\u00dfchen aus Zweigen vom Buchsbaum, zusammengebunden mit Satinb\u00e4ndchen in den Farben der Ukraine, blau und gelb. Diese Friedensstr\u00e4u\u00dfchen wurden zu Beginn dieser <a class=\"mh-excerpt-more\" href=\"https:\/\/bos-scheyern.de\/sz\/?p=2830\" title=\"Ein Zeichen der Solidarit\u00e4t\">[&#8230;]<\/a><\/p>\n<\/div>","protected":false},"author":47,"featured_media":2831,"comment_status":"closed","ping_status":"closed","sticky":true,"template":"","format":"standard","meta":{"footnotes":""},"categories":[20,5,1],"tags":[],"_links":{"self":[{"href":"https:\/\/bos-scheyern.de\/sz\/index.php?rest_route=\/wp\/v2\/posts\/2830"}],"collection":[{"href":"https:\/\/bos-scheyern.de\/sz\/index.php?rest_route=\/wp\/v2\/posts"}],"about":[{"href":"https:\/\/bos-scheyern.de\/sz\/index.php?rest_route=\/wp\/v2\/types\/post"}],"author":[{"embeddable":true,"href":"https:\/\/bos-scheyern.de\/sz\/index.php?rest_route=\/wp\/v2\/users\/47"}],"replies":[{"embeddable":true,"href":"https:\/\/bos-scheyern.de\/sz\/index.php?rest_route=%2Fwp%2Fv2%2Fcomments&post=2830"}],"version-history":[{"count":4,"href":"https:\/\/bos-scheyern.de\/sz\/index.php?rest_route=\/wp\/v2\/posts\/2830\/revisions"}],"predecessor-version":[{"id":2835,"href":"https:\/\/bos-scheyern.de\/sz\/index.php?rest_route=\/wp\/v2\/posts\/2830\/revisions\/2835"}],"wp:featuredmedia":[{"embeddable":true,"href":"https:\/\/bos-scheyern.de\/sz\/index.php?rest_route=\/wp\/v2\/media\/2831"}],"wp:attachment":[{"href":"https:\/\/bos-scheyern.de\/sz\/index.php?rest_route=%2Fwp%2Fv2%2Fmedia&parent=2830"}],"wp:term":[{"taxonomy":"category","embeddable":true,"href":"https:\/\/bos-scheyern.de\/sz\/index.php?rest_route=%2Fwp%2Fv2%2Fcategories&post=2830"},{"taxonomy":"post_tag","embeddable":true,"href":"https:\/\/bos-scheyern.de\/sz\/index.php?rest_route=%2Fwp%2Fv2%2Ftags&post=2830"}],"curies":[{"name":"wp","href":"https:\/\/api.w.org\/{rel}","templated":true}]}}