{"id":2836,"date":"2022-03-09T12:14:06","date_gmt":"2022-03-09T11:14:06","guid":{"rendered":"https:\/\/bos-scheyern.de\/sz\/?p=2836"},"modified":"2022-03-09T12:14:07","modified_gmt":"2022-03-09T11:14:07","slug":"lgbtqia-und-csd-was-steckt-eigentlich-hinter-den-bezeichnungen","status":"publish","type":"post","link":"https:\/\/bos-scheyern.de\/sz\/?p=2836","title":{"rendered":"LGBTQIA und CSD                     &#8211; Was steckt eigentlich hinter den Bezeichnungen?"},"content":{"rendered":"\n<p>von Sara Strazzer<\/p>\n\n\n\n<p>Unter LGBTQIA+ versteht man eine Gruppe von Menschen, die nicht zur heterosexuellen Gruppe geh\u00f6ren, also sich nicht ausschlie\u00dflich dem anderen Geschlecht zugezogen f\u00fchlen.&nbsp;&nbsp;<\/p>\n\n\n\n<p>Es ist auch eine Gruppe von Menschen, die tagt\u00e4glich f\u00fcr ihre Rechte und gegen Diskriminierung k\u00e4mpft. Die Abk\u00fcrzung steht f\u00fcr <em>Lesbian Gay Bisexual Transsexual\/Transgender Qeer Intersexuall Asexual<\/em> und das Plus f\u00fcr alle weiteren Sexualit\u00e4ten und Diversit\u00e4ten. F\u00fcr all diese Verschiedenheiten gibt es einen etablierten Begriff, indem alle Gruppen von Menschen einbezogen werden. Alle Personen aus der LGBTQIA+ Community k\u00f6nnen demnach als \u201eQueer\u201c bezeichnet werden. Es gibt aber auch viele Meinungsverschiedenheiten zu diesen Menschen. Manche haben Angst vor ihnen, die anderen akzeptieren sie einfach nicht und andere unterst\u00fctzen die Queer-Community und einigen anderen wiederum ist es egal, da sie der Ansicht sind, dass jeder das tun und lassen k\u00f6nne, was er wolle.&nbsp;<\/p>\n\n\n\n<p><strong>Die Bewegung in Deutschland \u2013 ein R\u00fcckblick<\/strong>&nbsp;<\/p>\n\n\n\n<p>Noch vor einigen Jahrzehnten wurde nicht viel \u00fcber queere Menschen gesprochen, vielerorts waren sie nicht akzeptiert. Homosexuelle Handlungen zwischen zwei M\u00e4nnern galten bis 1994 sogar als strafbar. Gleichgeschlechtliche Ehen sind erst ab dem Jahr 2017 erlaubt, allerdings nur standesamtlich. Den Christopher Street Day, abgek\u00fcrzt CSD, fand in Deutschland zum ersten Mal am 30.6.1979 unter anderem in K\u00f6ln, Bremen und Berlin statt. Seitdem wird er j\u00e4hrlich, oftmals mit bunten Paraden, begangen.&nbsp; Dieser besondere Tag geht auf ein Ereignis im Jahr 1969 zur\u00fcck: Damals haben sich w\u00e4hrend der Stonewall-Aufst\u00e4nde queere Menschen gegen die Polizeiwillk\u00fcr erhoben und f\u00fcr ihre Rechte gek\u00e4mpft. Der Protest fand in New York statt und der Name dieser Stra\u00dfe lautet <em>Christopher Street<\/em>. So entstand der Vorreiter der Christopher Street Day -Demonstrationen.&nbsp;<\/p>\n\n\n\n<p><strong>Die Situation der queeren Community heute<\/strong>&nbsp;<\/p>\n\n\n\n<p>W\u00e4hrend dem sogenannten \u201ePride Month\u201c, w\u00f6rtlich \u00fcbersetzt \u201eMonat des Stolzes\u201c, finden heutzutage die CSD-Demos statt, in der diese Menschen auf die Stra\u00dfe gehen und weiter f\u00fcr ihre Rechte und Akzeptanz k\u00e4mpfen. Der Zeitraum hierf\u00fcr ist normalerweise Juni, zieht sich aber teilweise bis August, da es schon viele St\u00e4dte gibt, in denen der CSD stattfindet. Es gibt mittlerweile viele M\u00f6glichkeiten die Sexualit\u00e4ten ausleben zu k\u00f6nnen, ohne verurteilt zu werden. Auch in der Partnersuche hat sich viel verbessert. Es gibt unter anderem sogenannte Gay-Bars, in denen sich ausschlie\u00dflich Gleichgesinnte treffen k\u00f6nnen. Auch die Regenbogenflagge ist in der modernen Gesellschaft sehr pr\u00e4sent. Sie gilt n\u00e4mlich als Erkennungsmerkmal f\u00fcr die LGBTQIA+ Community. Die queere Community wird heutzutage sehr akzeptiert, dennoch gibt es einige homophobe Menschen, die sich vor Queeren sch\u00fctzen wollen und Angst haben. Diese Angst ist jedoch unbegr\u00fcndet, da diese Menschen genau so sind wie jeder andere. Sie besitzen ebenfalls Knochen, Haut, Muskeln etc. doch vor allem haben sie auch Gef\u00fchle wie jeder andere. Sie tun niemandem etwas und wollen einfach nur ihre Liebe so ausleben, wie es sich f\u00fcr sie richtig anf\u00fchlt.&nbsp;&nbsp;<\/p>\n\n\n\n<p><strong>Eigene Gedanken<\/strong>&nbsp;<\/p>\n\n\n\n<p>Keiner m\u00f6chte in irgendeine Rolle gepresst oder gar verurteilt werden f\u00fcr das, was er oder sie liebt und das gilt f\u00fcr alle. Auch sollten solche Menschen best\u00e4rkt und nicht verurteilt oder verletzt werden. Viele haben aufgrund von Verurteilung und Inakzeptanz Angst, sich zu outen und ihre Gef\u00fchle zu offenbaren. Daher ist es wichtig, sensibel mit diesem Thema umzugehen. Viele k\u00e4mpfen deswegen auch mit Depressionen oder \u00c4ngsten. Es gibt aber auch einige, die sich nicht in Schubladen einordnen lassen wollen und sich \u00fcberhaupt nicht outen. Das zeigt, dass jeder seine eigene Vorstellung von dem hat, was ein gutes Leben ist und jeder die Dinge anders sieht, doch Offenheit und Toleranz sind ein guter Weg zum Frieden. Sexualit\u00e4t ist und bleibt ein pikantes Thema, doch sie ist flie\u00dfend und entwickelt sich im Laufe der Zeit weiter.&nbsp;<\/p>\n\n\n\n<p>Quelle: https:\/\/de.wikipedia.org\/wiki\/Christopher_Street_Day&nbsp;<\/p>\n","protected":false},"excerpt":{"rendered":"<div class=\"mh-excerpt\"><p>von Sara Strazzer Unter LGBTQIA+ versteht man eine Gruppe von Menschen, die nicht zur heterosexuellen Gruppe geh\u00f6ren, also sich nicht ausschlie\u00dflich dem anderen Geschlecht zugezogen <a class=\"mh-excerpt-more\" href=\"https:\/\/bos-scheyern.de\/sz\/?p=2836\" title=\"LGBTQIA und CSD                     &#8211; Was steckt eigentlich hinter den Bezeichnungen?\">[&#8230;]<\/a><\/p>\n<\/div>","protected":false},"author":47,"featured_media":2838,"comment_status":"closed","ping_status":"closed","sticky":true,"template":"","format":"standard","meta":{"footnotes":""},"categories":[20,1],"tags":[],"_links":{"self":[{"href":"https:\/\/bos-scheyern.de\/sz\/index.php?rest_route=\/wp\/v2\/posts\/2836"}],"collection":[{"href":"https:\/\/bos-scheyern.de\/sz\/index.php?rest_route=\/wp\/v2\/posts"}],"about":[{"href":"https:\/\/bos-scheyern.de\/sz\/index.php?rest_route=\/wp\/v2\/types\/post"}],"author":[{"embeddable":true,"href":"https:\/\/bos-scheyern.de\/sz\/index.php?rest_route=\/wp\/v2\/users\/47"}],"replies":[{"embeddable":true,"href":"https:\/\/bos-scheyern.de\/sz\/index.php?rest_route=%2Fwp%2Fv2%2Fcomments&post=2836"}],"version-history":[{"count":2,"href":"https:\/\/bos-scheyern.de\/sz\/index.php?rest_route=\/wp\/v2\/posts\/2836\/revisions"}],"predecessor-version":[{"id":2839,"href":"https:\/\/bos-scheyern.de\/sz\/index.php?rest_route=\/wp\/v2\/posts\/2836\/revisions\/2839"}],"wp:featuredmedia":[{"embeddable":true,"href":"https:\/\/bos-scheyern.de\/sz\/index.php?rest_route=\/wp\/v2\/media\/2838"}],"wp:attachment":[{"href":"https:\/\/bos-scheyern.de\/sz\/index.php?rest_route=%2Fwp%2Fv2%2Fmedia&parent=2836"}],"wp:term":[{"taxonomy":"category","embeddable":true,"href":"https:\/\/bos-scheyern.de\/sz\/index.php?rest_route=%2Fwp%2Fv2%2Fcategories&post=2836"},{"taxonomy":"post_tag","embeddable":true,"href":"https:\/\/bos-scheyern.de\/sz\/index.php?rest_route=%2Fwp%2Fv2%2Ftags&post=2836"}],"curies":[{"name":"wp","href":"https:\/\/api.w.org\/{rel}","templated":true}]}}