{"id":3007,"date":"2023-01-25T08:48:38","date_gmt":"2023-01-25T07:48:38","guid":{"rendered":"https:\/\/bos-scheyern.de\/sz\/?p=3007"},"modified":"2023-01-25T08:48:43","modified_gmt":"2023-01-25T07:48:43","slug":"die-deutsch-franzoesische-freundschaft","status":"publish","type":"post","link":"https:\/\/bos-scheyern.de\/sz\/?p=3007","title":{"rendered":"Die deutsch-franz\u00f6sische Freundschaft"},"content":{"rendered":"\n<p>von Melany Di Liberto<\/p>\n\n\n\n<p><strong>Montag, 23. Januar, 11:00 Uhr.<\/strong> Der Gong der 2. Pause wird abgel\u00f6st durch franz\u00f6sische Musik, die durch einen Lautsprecher erklingt. Die ersten Gruppen von Sch\u00fclern verlassen die Klassenzimmer und das erste, das sie sehen, wenn sie das Geb\u00e4ude verlassen wollen, ist nicht der Vertretungsplan. Vor ihnen steht ein pr\u00e4chtiges Buffet aus vielf\u00e4ltig gef\u00fcllten Quiches und belegten Baguettes. Wer nicht wei\u00df, was Quiches sind, verpasst sicherlich etwas \u2013 es handelt sich um herzhafte Kuchen, die mit allem gef\u00fcllt werden k\u00f6nnen, was das Herz begehrt. Sei es Zucchini, Speck, Paprika oder Brokkoli \u2013 f\u00fcr jeden ist etwas dabei. Es verwundert also nicht, dass sich schnell Reihen bilden, um eine dieser k\u00f6stlichen Speisen genie\u00dfen zu k\u00f6nnen. Dabei wurde gelegentlich die charmante M\u00f6glichkeit auf einen kleinen Rabatt genutzt, f\u00fcr den man die eigene <strong>Bestellung auf Franz\u00f6sisch<\/strong> abgeben sollte \u2013 es wurden zur Hilfe sogar Anweisungen f\u00fcr die korrekte Aussprache ausgeh\u00e4ngt. Weniger bemerkt wird jedoch der QR-Code f\u00fcr ein Quiz, der an der Info-Tafel h\u00e4ngt und bei dem die Gewinner sogar Preise gewinnen k\u00f6nnen. Aber kaum jemand wei\u00df, was es mit dem deutsch-franz\u00f6sischen Tag, der am Vortag stattgefunden hat, eigentlich auf sich hat.<\/p>\n\n\n\n<p>Jahrhunderte lang waren Deutschland und Frankreich verfeindet, doch der ehemalige Bundeskanzler Adenauer rief mehrere Programme ins Leben, \u00a0um mit dem franz\u00f6sischen Volk Frieden zu schlie\u00dfen. Am 22. Januar 1963 unterzeichnen er und Charles de Gaulle den <strong>\u00c9lys\u00e9e-Vertrag<\/strong>, der die deutsch-franz\u00f6sische Zusammenarbeit st\u00e4rken sollte. Seitdem werden immer wieder freundschaftliche Vertr\u00e4ge zwischen den beiden L\u00e4ndern geschlossen. Der urspr\u00fcngliche und heutige Zweck dieses Tages ist das gegenseitige Kennenlernen der Kulturen und die Vertiefung der entstandenen Freundschaft. Au\u00dferdem macht er Werbung f\u00fcr die Partnersprache, die Austausch- und Begegnungsprogramme sowie f\u00fcr die zahlreichen M\u00f6glichkeiten des Studiums in Deutschland oder Frankreich.<\/p>\n\n\n\n<p>Zum 60-j\u00e4hrigen Jubil\u00e4um \u00a0hat die <strong>AG \u201eSchule ohne Rassismus, Schule mit Courage\u201c<\/strong> beschlossen, diesen besonderen Tag mit Infoplakaten, Musik und leckerem franz\u00f6sischen Essen zu feiern, an die deutsch-franz\u00f6sische Freundschaft zu erinnern und die (kulinarische und kulturelle!) Vielf\u00e4ltigkeit der beiden L\u00e4nder zu genie\u00dfen.<\/p>\n\n\n\n<p><em>Bild: pixabay (freie Lizenz)<\/em><\/p>\n","protected":false},"excerpt":{"rendered":"<div class=\"mh-excerpt\"><p>von Melany Di Liberto Montag, 23. Januar, 11:00 Uhr. Der Gong der 2. Pause wird abgel\u00f6st durch franz\u00f6sische Musik, die durch einen Lautsprecher erklingt. Die <a class=\"mh-excerpt-more\" href=\"https:\/\/bos-scheyern.de\/sz\/?p=3007\" title=\"Die deutsch-franz\u00f6sische Freundschaft\">[&#8230;]<\/a><\/p>\n<\/div>","protected":false},"author":47,"featured_media":3008,"comment_status":"closed","ping_status":"closed","sticky":true,"template":"","format":"standard","meta":{"footnotes":""},"categories":[20,5],"tags":[36],"_links":{"self":[{"href":"https:\/\/bos-scheyern.de\/sz\/index.php?rest_route=\/wp\/v2\/posts\/3007"}],"collection":[{"href":"https:\/\/bos-scheyern.de\/sz\/index.php?rest_route=\/wp\/v2\/posts"}],"about":[{"href":"https:\/\/bos-scheyern.de\/sz\/index.php?rest_route=\/wp\/v2\/types\/post"}],"author":[{"embeddable":true,"href":"https:\/\/bos-scheyern.de\/sz\/index.php?rest_route=\/wp\/v2\/users\/47"}],"replies":[{"embeddable":true,"href":"https:\/\/bos-scheyern.de\/sz\/index.php?rest_route=%2Fwp%2Fv2%2Fcomments&post=3007"}],"version-history":[{"count":1,"href":"https:\/\/bos-scheyern.de\/sz\/index.php?rest_route=\/wp\/v2\/posts\/3007\/revisions"}],"predecessor-version":[{"id":3009,"href":"https:\/\/bos-scheyern.de\/sz\/index.php?rest_route=\/wp\/v2\/posts\/3007\/revisions\/3009"}],"wp:featuredmedia":[{"embeddable":true,"href":"https:\/\/bos-scheyern.de\/sz\/index.php?rest_route=\/wp\/v2\/media\/3008"}],"wp:attachment":[{"href":"https:\/\/bos-scheyern.de\/sz\/index.php?rest_route=%2Fwp%2Fv2%2Fmedia&parent=3007"}],"wp:term":[{"taxonomy":"category","embeddable":true,"href":"https:\/\/bos-scheyern.de\/sz\/index.php?rest_route=%2Fwp%2Fv2%2Fcategories&post=3007"},{"taxonomy":"post_tag","embeddable":true,"href":"https:\/\/bos-scheyern.de\/sz\/index.php?rest_route=%2Fwp%2Fv2%2Ftags&post=3007"}],"curies":[{"name":"wp","href":"https:\/\/api.w.org\/{rel}","templated":true}]}}