{"id":3024,"date":"2023-03-02T14:37:30","date_gmt":"2023-03-02T13:37:30","guid":{"rendered":"https:\/\/bos-scheyern.de\/sz\/?p=3024"},"modified":"2023-03-02T14:37:31","modified_gmt":"2023-03-02T13:37:31","slug":"schreibwettbewerb","status":"publish","type":"post","link":"https:\/\/bos-scheyern.de\/sz\/?p=3024","title":{"rendered":"Schreibwettbewerb!"},"content":{"rendered":"\n<p>An den PC, fertig, los!<\/p>\n\n\n\n<figure class=\"wp-block-image size-large\"><img loading=\"lazy\" decoding=\"async\" width=\"300\" height=\"182\" src=\"https:\/\/bos-scheyern.de\/sz\/wp-content\/uploads\/2023\/03\/Bild_Stift-300x182.jpg\" alt=\"\" class=\"wp-image-3025\" srcset=\"https:\/\/bos-scheyern.de\/sz\/wp-content\/uploads\/2023\/03\/Bild_Stift-300x182.jpg 300w, https:\/\/bos-scheyern.de\/sz\/wp-content\/uploads\/2023\/03\/Bild_Stift-200x121.jpg 200w, https:\/\/bos-scheyern.de\/sz\/wp-content\/uploads\/2023\/03\/Bild_Stift-768x465.jpg 768w, https:\/\/bos-scheyern.de\/sz\/wp-content\/uploads\/2023\/03\/Bild_Stift-1536x930.jpg 1536w, https:\/\/bos-scheyern.de\/sz\/wp-content\/uploads\/2023\/03\/Bild_Stift-1250x757.jpg 1250w, https:\/\/bos-scheyern.de\/sz\/wp-content\/uploads\/2023\/03\/Bild_Stift-400x242.jpg 400w, https:\/\/bos-scheyern.de\/sz\/wp-content\/uploads\/2023\/03\/Bild_Stift.jpg 1920w\" sizes=\"(max-width: 300px) 100vw, 300px\" \/><figcaption>Bild: pixabay<\/figcaption><\/figure>\n\n\n\n<p><strong>Die Sch\u00fclerzeitung \u201eThe eye of Scheyern\u201c<\/strong>&nbsp; \u2026<\/p>\n\n\n\n<p>\u2026ruft einen <strong>Schreibwettbewerb<\/strong><strong> <\/strong>zum Thema \u201e<strong>Frieden<\/strong>\u201c aus.<\/p>\n\n\n\n<p>Angesichts des Russland-Ukraine-Krieges mitten in Europa, der Diskussion \u00fcber Waffenlieferungen, der anderen vielen Kriege in der Welt, wollen wir uns mit <strong>Frieden<\/strong><strong> <\/strong>besch\u00e4ftigen.<\/p>\n\n\n\n<p><strong>Schreibt uns, was euch zum Thema \u201eFrieden\u201c einf\u00e4llt!<\/strong><\/p>\n\n\n\n<p><strong>Teilnahmebedingungen:<\/strong><\/p>\n\n\n\n<p><strong>Wer?<\/strong> Sch\u00fcler\/-in der FOS\/BOS Scheyern<\/p>\n\n\n\n<p><strong>Was?<\/strong> Eingereicht werden d\u00fcrfen alle Textsorten: literarische Texte (z.B. Kurzgeschichte, Gedicht \u2026)&nbsp; oder pragmatische Texte (z.B. Bericht, Reportage\u2026), Karikaturen, Comics usw.<\/p>\n\n\n\n<p><strong>Bis wann?<\/strong>&nbsp;Einsendeschluss ist Freitag, der 30. Juni 2023<\/p>\n\n\n\n<p><strong>Wie?<\/strong> Schicke deinen Beitrag am besten als Word-Dokument \u00fcber Teams an die Redaktion \u201eThe eye of Scheyern\u201c.<\/p>\n\n\n\n<p><strong>Warum?<\/strong> Den drei kreativsten Beitr\u00e4gen winken eine exklusive Ver\u00f6ffentlichung auf unserer Homepage sowie tolle Gewinne (Schul-Merch, Gutscheine, &#8230;). Au\u00dferdem hast du die M\u00f6glichkeit, mit deinem Beitrag etwas zu bewirken und vielleicht begr\u00fc\u00dfen wir dich zuk\u00fcnftig als neues Redaktionsmitglied \ud83d\ude42<\/p>\n\n\n\n<p><strong>Wir freuen uns auf eure Einsendungen!<\/strong><br><strong><em>Die Redaktion der Sch\u00fclerzeitung \u201eThe eye of Scheyern\u201c<\/em><\/strong><\/p>\n","protected":false},"excerpt":{"rendered":"<div class=\"mh-excerpt\"><p>An den PC, fertig, los! Die Sch\u00fclerzeitung \u201eThe eye of Scheyern\u201c&nbsp; \u2026 \u2026ruft einen Schreibwettbewerb zum Thema \u201eFrieden\u201c aus. Angesichts des Russland-Ukraine-Krieges mitten in Europa, <a class=\"mh-excerpt-more\" href=\"https:\/\/bos-scheyern.de\/sz\/?p=3024\" title=\"Schreibwettbewerb!\">[&#8230;]<\/a><\/p>\n<\/div>","protected":false},"author":47,"featured_media":3025,"comment_status":"closed","ping_status":"closed","sticky":true,"template":"","format":"standard","meta":{"footnotes":""},"categories":[5,1],"tags":[],"_links":{"self":[{"href":"https:\/\/bos-scheyern.de\/sz\/index.php?rest_route=\/wp\/v2\/posts\/3024"}],"collection":[{"href":"https:\/\/bos-scheyern.de\/sz\/index.php?rest_route=\/wp\/v2\/posts"}],"about":[{"href":"https:\/\/bos-scheyern.de\/sz\/index.php?rest_route=\/wp\/v2\/types\/post"}],"author":[{"embeddable":true,"href":"https:\/\/bos-scheyern.de\/sz\/index.php?rest_route=\/wp\/v2\/users\/47"}],"replies":[{"embeddable":true,"href":"https:\/\/bos-scheyern.de\/sz\/index.php?rest_route=%2Fwp%2Fv2%2Fcomments&post=3024"}],"version-history":[{"count":3,"href":"https:\/\/bos-scheyern.de\/sz\/index.php?rest_route=\/wp\/v2\/posts\/3024\/revisions"}],"predecessor-version":[{"id":3028,"href":"https:\/\/bos-scheyern.de\/sz\/index.php?rest_route=\/wp\/v2\/posts\/3024\/revisions\/3028"}],"wp:featuredmedia":[{"embeddable":true,"href":"https:\/\/bos-scheyern.de\/sz\/index.php?rest_route=\/wp\/v2\/media\/3025"}],"wp:attachment":[{"href":"https:\/\/bos-scheyern.de\/sz\/index.php?rest_route=%2Fwp%2Fv2%2Fmedia&parent=3024"}],"wp:term":[{"taxonomy":"category","embeddable":true,"href":"https:\/\/bos-scheyern.de\/sz\/index.php?rest_route=%2Fwp%2Fv2%2Fcategories&post=3024"},{"taxonomy":"post_tag","embeddable":true,"href":"https:\/\/bos-scheyern.de\/sz\/index.php?rest_route=%2Fwp%2Fv2%2Ftags&post=3024"}],"curies":[{"name":"wp","href":"https:\/\/api.w.org\/{rel}","templated":true}]}}