{"id":3134,"date":"2024-04-11T10:20:49","date_gmt":"2024-04-11T08:20:49","guid":{"rendered":"https:\/\/bos-scheyern.de\/sz\/?p=3134"},"modified":"2024-04-11T10:20:51","modified_gmt":"2024-04-11T08:20:51","slug":"buchtipp-gefaellig","status":"publish","type":"post","link":"https:\/\/bos-scheyern.de\/sz\/?p=3134","title":{"rendered":"Buchtipp gef\u00e4llig?"},"content":{"rendered":"\n<figure class=\"wp-block-image size-large\"><img loading=\"lazy\" decoding=\"async\" width=\"300\" height=\"200\" src=\"https:\/\/bos-scheyern.de\/sz\/wp-content\/uploads\/2024\/04\/Buch_Bild-von-un-perfekt-auf-Pixabay-300x200.jpg\" alt=\"\" class=\"wp-image-3135\" srcset=\"https:\/\/bos-scheyern.de\/sz\/wp-content\/uploads\/2024\/04\/Buch_Bild-von-un-perfekt-auf-Pixabay-300x200.jpg 300w, https:\/\/bos-scheyern.de\/sz\/wp-content\/uploads\/2024\/04\/Buch_Bild-von-un-perfekt-auf-Pixabay-200x133.jpg 200w, https:\/\/bos-scheyern.de\/sz\/wp-content\/uploads\/2024\/04\/Buch_Bild-von-un-perfekt-auf-Pixabay-768x512.jpg 768w, https:\/\/bos-scheyern.de\/sz\/wp-content\/uploads\/2024\/04\/Buch_Bild-von-un-perfekt-auf-Pixabay-1250x833.jpg 1250w, https:\/\/bos-scheyern.de\/sz\/wp-content\/uploads\/2024\/04\/Buch_Bild-von-un-perfekt-auf-Pixabay-400x267.jpg 400w, https:\/\/bos-scheyern.de\/sz\/wp-content\/uploads\/2024\/04\/Buch_Bild-von-un-perfekt-auf-Pixabay.jpg 1280w\" sizes=\"(max-width: 300px) 100vw, 300px\" \/><\/figure>\n\n\n\n<p>Tolle Lekt\u00fcretipps von unserer Redakteurin Nina Schmidl<\/p>\n\n\n\n<p>DU suchst schon l\u00e4nger ein neues Buch zum Lesen, wei\u00dft aber nicht welches? Dann bist du bei diesem Artikel genau richtig. Denn ich werde dir eine meiner Lieblingsb\u00fccher vorstellen und vielleicht ist ja auch eines dabei, das dein Interesse weckt. Wie? Du magst Lesen nicht? Ich werde dich vom Gegenteil \u00fcberzeugen. Vertrau mir, es lohnt sich! Lesen ist unbeschreiblich sch\u00f6n und vielleicht hast du einfach noch nicht das richtige Buch in den H\u00e4nden gehalten. Im Folgenden werde ich dir ein paar Einblicke in drei ausgew\u00e4hlte B\u00fccher geben.<\/p>\n\n\n\n<p><em>Kreide. Bunte Farben. Menschen. Emotionen. Asphalt. Gesichter. Zeichnungen. Sonnenstrahlen. M\u00fcnchen. Geheimnisse. Trauer. Vertrauen. Feuer. Bilder. Erinnerungen.<\/em><\/p>\n\n\n\n<p><em>Felix und Alisa. Asphalt und Leinwand. Zwei unterschiedliche junge Menschen, die in ihrer eigenen kleinen Seifenblase leben, die jedoch, als sie sich zuf\u00e4llig begegnen, zu zerplatzen drohen.<\/em><\/p>\n\n\n\n<p><em>In den ersten Seiten des Romans geht es um die einsame Chemiepraktikantin Alisa, die wie so oft Kreidebilder von Menschen auf dem Asphalt in M\u00fcnchen bestaunt. Durch Zufall trifft sie auch auf den Maler der Kunstwerke: Felix. Zu ihrer \u00dcberraschung entdeckt er sie und zeichnet sie kurzerhand. Alisa f\u00fchlt sofort, dass er, um seine Kunstwerke zu malen, tiefer blickt. Er betrachtet nicht nur die \u00e4u\u00dfere H\u00fclle eines Menschen. Alisa jedoch wird das alles zu viel, sie sucht schnell das Weite, als die Zeichnung vollendet ist, aus Angst etwas von sich Preis geben zu m\u00fcssen. Felix hingegen hat zu Beginn keine Ahnung wie er das M\u00e4dchen als Bild einfangen soll. Er ist unzufrieden mit seiner Zeichnung, er hat das gezeichnet was er glaubt gesehen zu haben. Er m\u00f6chte etwas zu ihr sagen, findet aber nicht die richtigen Worte und schon ist Alisa verschwunden.<\/em><\/p>\n\n\n\n<p>Neugierig geworden? Werden sich Alisa und Felix noch einmal begegnen und die richtigen Worte finden, um miteinander zu sprechen? Dann ist es h\u00f6chste Zeit \u201eUnd wie die Welt verbrennt\u201c von Ulla Scheler zu lesen. Der Roman umfasst 432 Seiten und ist in der Ich-Perspektive von Felix und Alisa geschrieben.<\/p>\n\n\n\n<p>Das Buch hat dein Interesse noch nicht geweckt? Gar kein Problem, denn vielleicht ist das n\u00e4chste Buch etwas f\u00fcr dich.<\/p>\n\n\n\n<p><em>Jackson Meyer ist ein neunzehnj\u00e4hriger Literaturstudent in New York. Und das ist auch schon alles, was ihn \u201enormal\u201c macht. Denn Jackson kann durch die Zeit reisen. Sein bester Freund Adam ist die einzige Person, die von seinen \u00fcbernat\u00fcrlichen F\u00e4higkeiten wei\u00df. Jackson kann maximal jedoch nur sechs Stunden in die Vergangenheit springen. Sein K\u00f6rper bleibt dabei seltsamerweise in der Gegenwart und sein K\u00f6rper leidet unter diesen Spr\u00fcngen. Und dann, eines Tages, passiert es: Jackson handelt reflexartig und reist unbewusst und ungewollt zwei Jahre in die Vergangenheit. Agenten der Regierung schie\u00dfen auf seine Freundin und er muss seine Partnerin vor dem Sterben retten. Nun beginnt das Spiel gegen die Zeit. Er wei\u00df nicht mehr, wem er vertrauen kann und wem nicht und die Zeit rennt.<\/em><\/p>\n\n\n\n<p>\u201eSturz in die Zeit\u201c von Julie Cross ist nicht nur durchdacht, spannend genial, sondern auch gef\u00fchlvoll, nostalgisch und ber\u00fchrend. Das Buch ist in der Sicht von Jackson Meyer in der Ich-Perspektive geschrieben und umfasst 499 Seiten. Zudem handelt es sich um den ersten Teil einer Trilogie. F\u00fcr Lesestoff ist also reichlich gesorgt.<\/p>\n\n\n\n<p>Ich konnte dein Interesse noch nicht wecken? Dann tut es bestimmt dieses Buch hier:<\/p>\n\n\n\n<p><em>Ria ist Studentin und lebt in Glaskuppeln, die die Menschen vor der Au\u00dfenwelt sch\u00fctzen sollen und sind unter st\u00e4ndiger Kontrolle der Technologie. Dennoch gibt es Menschen, die nicht den Schutz des gl\u00e4sernen Gew\u00e4chshausen genie\u00dfen und in bitterer K\u00e4lte ums \u00dcberleben k\u00e4mpfen. Ein Leben in der fernen Zukunft, mit den Folgen des Klimawandels. Ria kennt ihre Eltern nicht. Denn jeder Mensch wird unter dem Reagenzglas gezeugt. Es herrscht Kontrolle, Regeln und Ordnung und die Studenten m\u00fcssen sich gegenseitig tagt\u00e4glich beweisen. Das ist Alltag und Normalit\u00e4t f\u00fcr Ria und ihre Freunde. Doch dann kommt eine Freundin durch einen Clan der Au\u00dfenbewohner um. Sie stellt alles in Frage, was ihr beigebracht worden ist. Zuf\u00e4llig wird sie heimliche Zeugin eines Gespr\u00e4ches, das die Exekution der Verr\u00e4ter beinhaltet. Sie versteht nicht welcher Verrat vorliegt, doch das Wichtigste nimmt sie mit: Sie selbst und ihre Freunde sind es, die hingerichtet werden sollen.<\/em><\/p>\n\n\n\n<p>Du willst mehr \u00fcber \u201eDie Verratenen\u201c von Ursula Poznanski erfahren? Dann warten mit diesem Band noch zwei weitere auf dich, denn es handelt sich ebenfalls um eine Trilogie. \u201eDie Verratenen\u201c ist in der Ich-Perspektive geschrieben und hat 464 Seiten.<\/p>\n\n\n\n<p>Nat\u00fcrlich hoffe ich, dass ich dein Interesse zum Lesen geweckt habe und du es dir mit einem Buch gem\u00fctlich machst.<\/p>\n\n\n\n<p>Wenn bei dieser Auswahl immer noch nichts f\u00fcr dich dabei war, dann ist es das ganz bestimmt beim n\u00e4chsten Mal!<\/p>\n\n\n\n<p><strong>Bild<\/strong>: un-perfekt auf Pixabay<\/p>\n","protected":false},"excerpt":{"rendered":"<div class=\"mh-excerpt\"><p>Tolle Lekt\u00fcretipps von unserer Redakteurin Nina Schmidl DU suchst schon l\u00e4nger ein neues Buch zum Lesen, wei\u00dft aber nicht welches? Dann bist du bei diesem <a class=\"mh-excerpt-more\" href=\"https:\/\/bos-scheyern.de\/sz\/?p=3134\" title=\"Buchtipp gef\u00e4llig?\">[&#8230;]<\/a><\/p>\n<\/div>","protected":false},"author":47,"featured_media":3135,"comment_status":"closed","ping_status":"closed","sticky":true,"template":"","format":"standard","meta":{"footnotes":""},"categories":[20,146],"tags":[151],"_links":{"self":[{"href":"https:\/\/bos-scheyern.de\/sz\/index.php?rest_route=\/wp\/v2\/posts\/3134"}],"collection":[{"href":"https:\/\/bos-scheyern.de\/sz\/index.php?rest_route=\/wp\/v2\/posts"}],"about":[{"href":"https:\/\/bos-scheyern.de\/sz\/index.php?rest_route=\/wp\/v2\/types\/post"}],"author":[{"embeddable":true,"href":"https:\/\/bos-scheyern.de\/sz\/index.php?rest_route=\/wp\/v2\/users\/47"}],"replies":[{"embeddable":true,"href":"https:\/\/bos-scheyern.de\/sz\/index.php?rest_route=%2Fwp%2Fv2%2Fcomments&post=3134"}],"version-history":[{"count":1,"href":"https:\/\/bos-scheyern.de\/sz\/index.php?rest_route=\/wp\/v2\/posts\/3134\/revisions"}],"predecessor-version":[{"id":3136,"href":"https:\/\/bos-scheyern.de\/sz\/index.php?rest_route=\/wp\/v2\/posts\/3134\/revisions\/3136"}],"wp:featuredmedia":[{"embeddable":true,"href":"https:\/\/bos-scheyern.de\/sz\/index.php?rest_route=\/wp\/v2\/media\/3135"}],"wp:attachment":[{"href":"https:\/\/bos-scheyern.de\/sz\/index.php?rest_route=%2Fwp%2Fv2%2Fmedia&parent=3134"}],"wp:term":[{"taxonomy":"category","embeddable":true,"href":"https:\/\/bos-scheyern.de\/sz\/index.php?rest_route=%2Fwp%2Fv2%2Fcategories&post=3134"},{"taxonomy":"post_tag","embeddable":true,"href":"https:\/\/bos-scheyern.de\/sz\/index.php?rest_route=%2Fwp%2Fv2%2Ftags&post=3134"}],"curies":[{"name":"wp","href":"https:\/\/api.w.org\/{rel}","templated":true}]}}