{"id":819,"date":"2015-03-02T20:22:25","date_gmt":"2015-03-02T19:22:25","guid":{"rendered":"https:\/\/bos-scheyern.de\/sz\/?p=819"},"modified":"2015-06-30T11:42:32","modified_gmt":"2015-06-30T09:42:32","slug":"tag-der-offenen-tuer-in-scheyern","status":"publish","type":"post","link":"https:\/\/bos-scheyern.de\/sz\/?p=819","title":{"rendered":"Tag der offenen T\u00fcr in Scheyern"},"content":{"rendered":"<p>Samstag, acht Uhr morgens in Scheyern, die Sch\u00fcler waren topfit. Trotz des extrem milden Wetters war es f\u00fcr sie kein Problem, p\u00fcnktlich anwesend zu sein. Denn am 28. Februar pr\u00e4sentierten die angehenden Abiturienten der FOS\/BOS Scheyern ihre Schule. Die T\u00fcren standen an diesem Tag offen und alle, die interessiert waren &#8211; allen voran nat\u00fcrlich all jene, die selbst die Schule besuchen wollen -, konnten sich \u00fcber den Schulalltag informieren.<\/p>\n<p><a href=\"https:\/\/bos-scheyern.de\/sz\/wp-content\/uploads\/2015\/03\/ot3.jpg\"><img loading=\"lazy\" decoding=\"async\" class=\"aligncenter wp-image-820 size-full\" src=\"https:\/\/bos-scheyern.de\/sz\/wp-content\/uploads\/2015\/03\/ot3.jpg\" alt=\"FOS\/BOS\" width=\"2000\" height=\"1125\" srcset=\"https:\/\/bos-scheyern.de\/sz\/wp-content\/uploads\/2015\/03\/ot3.jpg 2000w, https:\/\/bos-scheyern.de\/sz\/wp-content\/uploads\/2015\/03\/ot3-300x169.jpg 300w, https:\/\/bos-scheyern.de\/sz\/wp-content\/uploads\/2015\/03\/ot3-1024x576.jpg 1024w\" sizes=\"(max-width: 2000px) 100vw, 2000px\" \/><\/a><\/p>\n<p>Zu sehen gab es viel. So waren nicht nur chemische und physikalische Versuche geboten, die Besucher konnten auch einen Blick auf die zweiten Fremdsprachen oder den Vorlesungsunterricht in Mathematik werfen. Au\u00dferdem standen noch Kloster- und Wohnheimf\u00fchrungen auf dem Plan, denn wer einen langen Weg zur Schule hat, hat die M\u00f6glichkeit, hier auch gleich zu wohnen.<\/p>\n<p><a href=\"https:\/\/bos-scheyern.de\/sz\/wp-content\/uploads\/2015\/03\/ot2.jpg\"><img loading=\"lazy\" decoding=\"async\" class=\"aligncenter wp-image-824 size-full\" src=\"https:\/\/bos-scheyern.de\/sz\/wp-content\/uploads\/2015\/03\/ot2.jpg\" alt=\"FOS\/BOS\" width=\"2000\" height=\"1330\" srcset=\"https:\/\/bos-scheyern.de\/sz\/wp-content\/uploads\/2015\/03\/ot2.jpg 2000w, https:\/\/bos-scheyern.de\/sz\/wp-content\/uploads\/2015\/03\/ot2-300x200.jpg 300w, https:\/\/bos-scheyern.de\/sz\/wp-content\/uploads\/2015\/03\/ot2-1024x681.jpg 1024w\" sizes=\"(max-width: 2000px) 100vw, 2000px\" \/><\/a><\/p>\n<p>Vom Wohnheim zur\u00fcck zum Unterricht. Deutsch stand ebenfalls auf der Agenda. Projekte, die w\u00e4hrend des Jahres gemacht wurden, wurden ausgestellt.<\/p>\n<p>Wer Fragen hatte, konnte sich an die Lehrer oder besser gleich an die Sch\u00fcler wenden. Denn wer k\u00f6nnte einen besseren Eindruck der Schule und des Sch\u00fclerlebens vermitteln? Es waren auch die Sch\u00fcler, die die Pr\u00e4sentationen abhielten und Fragen beantworteten.<\/p>\n<p><a href=\"https:\/\/bos-scheyern.de\/sz\/wp-content\/uploads\/2015\/03\/ot4.jpg\"><img loading=\"lazy\" decoding=\"async\" class=\"aligncenter wp-image-828 size-full\" src=\"https:\/\/bos-scheyern.de\/sz\/wp-content\/uploads\/2015\/03\/ot4.jpg\" alt=\"FOS\/BOS\" width=\"2000\" height=\"1125\" srcset=\"https:\/\/bos-scheyern.de\/sz\/wp-content\/uploads\/2015\/03\/ot4.jpg 2000w, https:\/\/bos-scheyern.de\/sz\/wp-content\/uploads\/2015\/03\/ot4-300x169.jpg 300w, https:\/\/bos-scheyern.de\/sz\/wp-content\/uploads\/2015\/03\/ot4-1024x576.jpg 1024w\" sizes=\"(max-width: 2000px) 100vw, 2000px\" \/><\/a><\/p>\n<p>Negatives wurde dabei kaum berichtet. Au\u00dfer vielleicht der Umstand, dass hier &#8222;viele Freundschaften entstehen. Und diese Freunde bekommt man ein Leben lang nicht mehr los.&#8220;<\/p>\n<p>Scheyern sei mehr als nur Schule; das wurde mehrmals betont. Scheyern sei vor allem ein Miteinander und ein Lebensgef\u00fchl. Und damit sollte das Lernen, auch wenn es manchmal schwer fallen mag, doch gleich viel leichter zu bew\u00e4ltigen sein.<\/p>\n","protected":false},"excerpt":{"rendered":"<div class=\"mh-excerpt\"><p>Samstag, acht Uhr morgens in Scheyern, die Sch\u00fcler waren topfit. Trotz des extrem milden Wetters war es f\u00fcr sie kein Problem, p\u00fcnktlich anwesend zu sein. Denn am 28. Februar pr\u00e4sentierten die angehenden Abiturienten der FOS\/BOS Scheyern ihre Schule.<\/p>\n<\/div>","protected":false},"author":3,"featured_media":820,"comment_status":"open","ping_status":"open","sticky":false,"template":"","format":"standard","meta":{"footnotes":""},"categories":[9],"tags":[36,35],"_links":{"self":[{"href":"https:\/\/bos-scheyern.de\/sz\/index.php?rest_route=\/wp\/v2\/posts\/819"}],"collection":[{"href":"https:\/\/bos-scheyern.de\/sz\/index.php?rest_route=\/wp\/v2\/posts"}],"about":[{"href":"https:\/\/bos-scheyern.de\/sz\/index.php?rest_route=\/wp\/v2\/types\/post"}],"author":[{"embeddable":true,"href":"https:\/\/bos-scheyern.de\/sz\/index.php?rest_route=\/wp\/v2\/users\/3"}],"replies":[{"embeddable":true,"href":"https:\/\/bos-scheyern.de\/sz\/index.php?rest_route=%2Fwp%2Fv2%2Fcomments&post=819"}],"version-history":[{"count":15,"href":"https:\/\/bos-scheyern.de\/sz\/index.php?rest_route=\/wp\/v2\/posts\/819\/revisions"}],"predecessor-version":[{"id":1246,"href":"https:\/\/bos-scheyern.de\/sz\/index.php?rest_route=\/wp\/v2\/posts\/819\/revisions\/1246"}],"wp:featuredmedia":[{"embeddable":true,"href":"https:\/\/bos-scheyern.de\/sz\/index.php?rest_route=\/wp\/v2\/media\/820"}],"wp:attachment":[{"href":"https:\/\/bos-scheyern.de\/sz\/index.php?rest_route=%2Fwp%2Fv2%2Fmedia&parent=819"}],"wp:term":[{"taxonomy":"category","embeddable":true,"href":"https:\/\/bos-scheyern.de\/sz\/index.php?rest_route=%2Fwp%2Fv2%2Fcategories&post=819"},{"taxonomy":"post_tag","embeddable":true,"href":"https:\/\/bos-scheyern.de\/sz\/index.php?rest_route=%2Fwp%2Fv2%2Ftags&post=819"}],"curies":[{"name":"wp","href":"https:\/\/api.w.org\/{rel}","templated":true}]}}